{"id":11114,"date":"2026-09-01T12:20:17","date_gmt":"2026-09-01T10:20:17","guid":{"rendered":"https:\/\/spkorczow.pl\/?p=11114"},"modified":"2026-09-03T12:22:58","modified_gmt":"2026-09-03T10:22:58","slug":"rozpoczecie-roku-szkolnego-2026-2027","status":"publish","type":"post","link":"https:\/\/spkorczow.pl\/index.php\/2026\/09\/01\/rozpoczecie-roku-szkolnego-2026-2027\/","title":{"rendered":"Rozpocz\u0119cie roku szkolnego 2026\/2027"},"content":{"rendered":"\n<p>To wyj\u0105tkowy moment \u2014 pe\u0142en nadziei, plan\u00f3w, nowych wyzwa\u0144, spotka\u0144 po wakacyjnej przerwie i rado\u015bci z powrotu do szkolnej spo\u0142eczno\u015bci. Szczeg\u00f3lnie serdecznie witamy najm\u0142odszych uczni\u00f3w oraz dzieci z oddzia\u0142\u00f3w przedszkolnych, kt\u00f3re rozpoczynaj\u0105 swoj\u0105 pi\u0119kn\u0105 edukacyjn\u0105 przygod\u0119.<\/p>\n\n\n\n<p>Wszystkim Uczniom \u017cyczymy, aby ten rok by\u0142 czasem odkrywania talent\u00f3w, rozwijania pasji, zdobywania wiedzy i budowania dobrych relacji. Niech ka\u017cdy dzie\u0144 przynosi Wam ciekawo\u015b\u0107 \u015bwiata, odwag\u0119 do zadawania pyta\u0144 i wiar\u0119 we w\u0142asne mo\u017cliwo\u015bci.<\/p>\n\n\n\n<p>Nauczycielom i Pracownikom szko\u0142y \u017cyczymy si\u0142y, cierpliwo\u015bci, satysfakcji z pracy oraz wielu powod\u00f3w do dumy z osi\u0105gni\u0119\u0107 uczni\u00f3w.<\/p>\n\n\n\n<p>Rodzicom dzi\u0119kujemy za zaufanie i \u017cyczymy dobrej wsp\u00f3\u0142pracy, wzajemnego wsparcia oraz spokojnego roku szkolnego.<\/p>\n\n\n\n<p>Niech rok szkolny 2026\/2027 b\u0119dzie dobrym, bezpiecznym i pe\u0142nym pi\u0119knych chwil czasem dla ca\u0142ej spo\u0142eczno\u015bci Szko\u0142y Podstawowej w Korczowie. <\/p>\n\n\n\n<p>Powodzenia w nowym roku szkolnym!<\/p>\n\n\n<figure class=\"wp-block-post-featured-image\"><img loading=\"lazy\" decoding=\"async\" width=\"2048\" height=\"1365\" src=\"https:\/\/spkorczow.pl\/wp-content\/uploads\/2026\/09\/1.jpg\" class=\"attachment-post-thumbnail size-post-thumbnail wp-post-image\" alt=\"\" style=\"object-fit:cover;\" srcset=\"https:\/\/spkorczow.pl\/wp-content\/uploads\/2026\/09\/1.jpg 2048w, https:\/\/spkorczow.pl\/wp-content\/uploads\/2026\/09\/1-300x200.jpg 300w, https:\/\/spkorczow.pl\/wp-content\/uploads\/2026\/09\/1-1024x683.jpg 1024w, https:\/\/spkorczow.pl\/wp-content\/uploads\/2026\/09\/1-768x512.jpg 768w, https:\/\/spkorczow.pl\/wp-content\/uploads\/2026\/09\/1-1536x1024.jpg 1536w\" sizes=\"auto, (max-width: 2048px) 100vw, 2048px\" \/><\/figure>\n\n\n<p><\/p>\n","protected":false},"excerpt":{"rendered":"<p>To wyj\u0105tkowy moment \u2014 pe\u0142en nadziei, plan\u00f3w, nowych wyzwa\u0144, spotka\u0144 po wakacyjnej przerwie i rado\u015bci z powrotu do szkolnej spo\u0142eczno\u015bci. Szczeg\u00f3lnie serdecznie witamy najm\u0142odszych uczni\u00f3w oraz dzieci z oddzia\u0142\u00f3w przedszkolnych, kt\u00f3re rozpoczynaj\u0105 swoj\u0105 pi\u0119kn\u0105 edukacyjn\u0105 przygod\u0119. Wszystkim Uczniom \u017cyczymy, aby ten rok by\u0142 czasem odkrywania talent\u00f3w, rozwijania pasji, zdobywania wiedzy i budowania dobrych relacji. Niech&#8230;<\/p>\n<p class=\"more-link-wrap\"><a href=\"https:\/\/spkorczow.pl\/index.php\/2026\/09\/01\/rozpoczecie-roku-szkolnego-2026-2027\/\" class=\"more-link\">Czytaj dalej<span class=\"screen-reader-text\"> &ldquo;Rozpocz\u0119cie roku szkolnego 2026\/2027&rdquo;<\/span> &raquo;<\/a><\/p>\n","protected":false},"author":4,"featured_media":11115,"comment_status":"closed","ping_status":"","sticky":false,"template":"","format":"standard","meta":{"footnotes":""},"categories":[1],"tags":[],"class_list":["post-11114","post","type-post","status-publish","format-standard","has-post-thumbnail","hentry","category-aktualnosci"],"_links":{"self":[{"href":"https:\/\/spkorczow.pl\/index.php\/wp-json\/wp\/v2\/posts\/11114","targetHints":{"allow":["GET"]}}],"collection":[{"href":"https:\/\/spkorczow.pl\/index.php\/wp-json\/wp\/v2\/posts"}],"about":[{"href":"https:\/\/spkorczow.pl\/index.php\/wp-json\/wp\/v2\/types\/post"}],"author":[{"embeddable":true,"href":"https:\/\/spkorczow.pl\/index.php\/wp-json\/wp\/v2\/users\/4"}],"replies":[{"embeddable":true,"href":"https:\/\/spkorczow.pl\/index.php\/wp-json\/wp\/v2\/comments?post=11114"}],"version-history":[{"count":1,"href":"https:\/\/spkorczow.pl\/index.php\/wp-json\/wp\/v2\/posts\/11114\/revisions"}],"predecessor-version":[{"id":11116,"href":"https:\/\/spkorczow.pl\/index.php\/wp-json\/wp\/v2\/posts\/11114\/revisions\/11116"}],"wp:featuredmedia":[{"embeddable":true,"href":"https:\/\/spkorczow.pl\/index.php\/wp-json\/wp\/v2\/media\/11115"}],"wp:attachment":[{"href":"https:\/\/spkorczow.pl\/index.php\/wp-json\/wp\/v2\/media?parent=11114"}],"wp:term":[{"taxonomy":"category","embeddable":true,"href":"https:\/\/spkorczow.pl\/index.php\/wp-json\/wp\/v2\/categories?post=11114"},{"taxonomy":"post_tag","embeddable":true,"href":"https:\/\/spkorczow.pl\/index.php\/wp-json\/wp\/v2\/tags?post=11114"}],"curies":[{"name":"wp","href":"https:\/\/api.w.org\/{rel}","templated":true}]}}